{"id":1331,"date":"2020-01-15T09:45:40","date_gmt":"2020-01-15T09:45:40","guid":{"rendered":"https:\/\/restaurantemasena.es\/masena-restaurant-javea-where-children-eat-well-too\/"},"modified":"2022-09-01T07:24:08","modified_gmt":"2022-09-01T07:24:08","slug":"masena-restaurant-javea-where-children-eat-well-too","status":"publish","type":"post","link":"https:\/\/restaurantemasena.es\/en\/masena-restaurant-javea-where-children-eat-well-too\/","title":{"rendered":"Masena Restaurant, Javea: Where children eat well too!"},"content":{"rendered":"","protected":false},"excerpt":{"rendered":"","protected":false},"author":1,"featured_media":1294,"comment_status":"closed","ping_status":"open","sticky":false,"template":"","format":"standard","meta":{"footnotes":""},"categories":[88],"tags":[],"class_list":["post-1331","post","type-post","status-publish","format-standard","has-post-thumbnail","hentry","category-masena-guests-en"],"yoast_head":"<!-- This site is optimized with the Yoast SEO plugin v27.5 - https:\/\/yoast.com\/product\/yoast-seo-wordpress\/ -->\n<title>Masena Restaurant, Javea: Where children eat well too! - Restaurante Masena J\u00e1vea<\/title>\n<meta name=\"robots\" content=\"index, follow, max-snippet:-1, max-image-preview:large, max-video-preview:-1\" \/>\n<link rel=\"canonical\" href=\"https:\/\/restaurantemasena.es\/en\/masena-restaurant-javea-where-children-eat-well-too\/\" \/>\n<meta property=\"og:locale\" content=\"en_US\" \/>\n<meta property=\"og:type\" content=\"article\" \/>\n<meta property=\"og:title\" content=\"Masena Restaurant, Javea: Where children eat well too! - Restaurante Masena J\u00e1vea\" \/>\n<meta property=\"og:url\" content=\"https:\/\/restaurantemasena.es\/en\/masena-restaurant-javea-where-children-eat-well-too\/\" \/>\n<meta property=\"og:site_name\" content=\"Restaurante Masena J\u00e1vea\" \/>\n<meta property=\"article:published_time\" content=\"2020-01-15T09:45:40+00:00\" \/>\n<meta property=\"article:modified_time\" content=\"2022-09-01T07:24:08+00:00\" \/>\n<meta property=\"og:image\" content=\"https:\/\/restaurantemasena.es\/wp-content\/uploads\/2020\/01\/Masena-Children-1-e1599573844432.jpg\" \/>\n\t<meta property=\"og:image:width\" content=\"1200\" \/>\n\t<meta property=\"og:image:height\" content=\"630\" \/>\n\t<meta property=\"og:image:type\" content=\"image\/jpeg\" \/>\n<meta name=\"author\" content=\"Avantcem\" \/>\n<meta name=\"twitter:card\" content=\"summary_large_image\" \/>\n<meta name=\"twitter:label1\" content=\"Written by\" \/>\n\t<meta name=\"twitter:data1\" content=\"Avantcem\" \/>\n<script type=\"application\/ld+json\" class=\"yoast-schema-graph\">{\"@context\":\"https:\\\/\\\/schema.org\",\"@graph\":[{\"@type\":\"Article\",\"@id\":\"https:\\\/\\\/restaurantemasena.es\\\/en\\\/masena-restaurant-javea-where-children-eat-well-too\\\/#article\",\"isPartOf\":{\"@id\":\"https:\\\/\\\/restaurantemasena.es\\\/en\\\/masena-restaurant-javea-where-children-eat-well-too\\\/\"},\"author\":{\"name\":\"Avantcem\",\"@id\":\"https:\\\/\\\/restaurantemasena.es\\\/#\\\/schema\\\/person\\\/4b2f05da558c64feb52f794303c72b6e\"},\"headline\":\"Masena Restaurant, Javea: Where children eat well too!\",\"datePublished\":\"2020-01-15T09:45:40+00:00\",\"dateModified\":\"2022-09-01T07:24:08+00:00\",\"mainEntityOfPage\":{\"@id\":\"https:\\\/\\\/restaurantemasena.es\\\/en\\\/masena-restaurant-javea-where-children-eat-well-too\\\/\"},\"wordCount\":8,\"publisher\":{\"@id\":\"https:\\\/\\\/restaurantemasena.es\\\/#organization\"},\"image\":{\"@id\":\"https:\\\/\\\/restaurantemasena.es\\\/en\\\/masena-restaurant-javea-where-children-eat-well-too\\\/#primaryimage\"},\"thumbnailUrl\":\"https:\\\/\\\/restaurantemasena.es\\\/wp-content\\\/uploads\\\/2020\\\/01\\\/Masena-Children-1-e1599573844432.jpg\",\"articleSection\":[\"Masena guests\"],\"inLanguage\":\"en-US\"},{\"@type\":\"WebPage\",\"@id\":\"https:\\\/\\\/restaurantemasena.es\\\/en\\\/masena-restaurant-javea-where-children-eat-well-too\\\/\",\"url\":\"https:\\\/\\\/restaurantemasena.es\\\/en\\\/masena-restaurant-javea-where-children-eat-well-too\\\/\",\"name\":\"Masena Restaurant, Javea: Where children eat well too! - Restaurante Masena J\u00e1vea\",\"isPartOf\":{\"@id\":\"https:\\\/\\\/restaurantemasena.es\\\/#website\"},\"primaryImageOfPage\":{\"@id\":\"https:\\\/\\\/restaurantemasena.es\\\/en\\\/masena-restaurant-javea-where-children-eat-well-too\\\/#primaryimage\"},\"image\":{\"@id\":\"https:\\\/\\\/restaurantemasena.es\\\/en\\\/masena-restaurant-javea-where-children-eat-well-too\\\/#primaryimage\"},\"thumbnailUrl\":\"https:\\\/\\\/restaurantemasena.es\\\/wp-content\\\/uploads\\\/2020\\\/01\\\/Masena-Children-1-e1599573844432.jpg\",\"datePublished\":\"2020-01-15T09:45:40+00:00\",\"dateModified\":\"2022-09-01T07:24:08+00:00\",\"breadcrumb\":{\"@id\":\"https:\\\/\\\/restaurantemasena.es\\\/en\\\/masena-restaurant-javea-where-children-eat-well-too\\\/#breadcrumb\"},\"inLanguage\":\"en-US\",\"potentialAction\":[{\"@type\":\"ReadAction\",\"target\":[\"https:\\\/\\\/restaurantemasena.es\\\/en\\\/masena-restaurant-javea-where-children-eat-well-too\\\/\"]}]},{\"@type\":\"ImageObject\",\"inLanguage\":\"en-US\",\"@id\":\"https:\\\/\\\/restaurantemasena.es\\\/en\\\/masena-restaurant-javea-where-children-eat-well-too\\\/#primaryimage\",\"url\":\"https:\\\/\\\/restaurantemasena.es\\\/wp-content\\\/uploads\\\/2020\\\/01\\\/Masena-Children-1-e1599573844432.jpg\",\"contentUrl\":\"https:\\\/\\\/restaurantemasena.es\\\/wp-content\\\/uploads\\\/2020\\\/01\\\/Masena-Children-1-e1599573844432.jpg\",\"width\":1200,\"height\":630},{\"@type\":\"BreadcrumbList\",\"@id\":\"https:\\\/\\\/restaurantemasena.es\\\/en\\\/masena-restaurant-javea-where-children-eat-well-too\\\/#breadcrumb\",\"itemListElement\":[{\"@type\":\"ListItem\",\"position\":1,\"name\":\"Portada\",\"item\":\"https:\\\/\\\/restaurantemasena.es\\\/en\\\/home\\\/\"},{\"@type\":\"ListItem\",\"position\":2,\"name\":\"Masena Restaurant, Javea: Where children eat well too!\"}]},{\"@type\":\"WebSite\",\"@id\":\"https:\\\/\\\/restaurantemasena.es\\\/#website\",\"url\":\"https:\\\/\\\/restaurantemasena.es\\\/\",\"name\":\"Restaurante Masena J\u00e1vea\",\"description\":\"Fusi\u00f3n cocina francesa y mediterr\u00e1nea\",\"publisher\":{\"@id\":\"https:\\\/\\\/restaurantemasena.es\\\/#organization\"},\"potentialAction\":[{\"@type\":\"SearchAction\",\"target\":{\"@type\":\"EntryPoint\",\"urlTemplate\":\"https:\\\/\\\/restaurantemasena.es\\\/?s={search_term_string}\"},\"query-input\":{\"@type\":\"PropertyValueSpecification\",\"valueRequired\":true,\"valueName\":\"search_term_string\"}}],\"inLanguage\":\"en-US\"},{\"@type\":\"Organization\",\"@id\":\"https:\\\/\\\/restaurantemasena.es\\\/#organization\",\"name\":\"Restaurante Masena J\u00e1vea\",\"url\":\"https:\\\/\\\/restaurantemasena.es\\\/\",\"logo\":{\"@type\":\"ImageObject\",\"inLanguage\":\"en-US\",\"@id\":\"https:\\\/\\\/restaurantemasena.es\\\/#\\\/schema\\\/logo\\\/image\\\/\",\"url\":\"https:\\\/\\\/restaurantemasena.es\\\/wp-content\\\/uploads\\\/2022\\\/08\\\/logo_fondo.png\",\"contentUrl\":\"https:\\\/\\\/restaurantemasena.es\\\/wp-content\\\/uploads\\\/2022\\\/08\\\/logo_fondo.png\",\"width\":319,\"height\":98,\"caption\":\"Restaurante Masena J\u00e1vea\"},\"image\":{\"@id\":\"https:\\\/\\\/restaurantemasena.es\\\/#\\\/schema\\\/logo\\\/image\\\/\"}},{\"@type\":\"Person\",\"@id\":\"https:\\\/\\\/restaurantemasena.es\\\/#\\\/schema\\\/person\\\/4b2f05da558c64feb52f794303c72b6e\",\"name\":\"Avantcem\",\"image\":{\"@type\":\"ImageObject\",\"inLanguage\":\"en-US\",\"@id\":\"https:\\\/\\\/secure.gravatar.com\\\/avatar\\\/aefe30c4eee6c2549ebda93c48c397f82aff088b976ad1c3b2b6f866af700a37?s=96&d=mm&r=g\",\"url\":\"https:\\\/\\\/secure.gravatar.com\\\/avatar\\\/aefe30c4eee6c2549ebda93c48c397f82aff088b976ad1c3b2b6f866af700a37?s=96&d=mm&r=g\",\"contentUrl\":\"https:\\\/\\\/secure.gravatar.com\\\/avatar\\\/aefe30c4eee6c2549ebda93c48c397f82aff088b976ad1c3b2b6f866af700a37?s=96&d=mm&r=g\",\"caption\":\"Avantcem\"},\"sameAs\":[\"https:\\\/\\\/restaurantemasena.es\"],\"url\":\"https:\\\/\\\/restaurantemasena.es\\\/en\\\/author\\\/avantcem\\\/\"}]}<\/script>\n<!-- \/ Yoast SEO plugin. -->","yoast_head_json":{"title":"Masena Restaurant, Javea: Where children eat well too! - Restaurante Masena J\u00e1vea","robots":{"index":"index","follow":"follow","max-snippet":"max-snippet:-1","max-image-preview":"max-image-preview:large","max-video-preview":"max-video-preview:-1"},"canonical":"https:\/\/restaurantemasena.es\/en\/masena-restaurant-javea-where-children-eat-well-too\/","og_locale":"en_US","og_type":"article","og_title":"Masena Restaurant, Javea: Where children eat well too! - Restaurante Masena J\u00e1vea","og_url":"https:\/\/restaurantemasena.es\/en\/masena-restaurant-javea-where-children-eat-well-too\/","og_site_name":"Restaurante Masena J\u00e1vea","article_published_time":"2020-01-15T09:45:40+00:00","article_modified_time":"2022-09-01T07:24:08+00:00","og_image":[{"width":1200,"height":630,"url":"https:\/\/restaurantemasena.es\/wp-content\/uploads\/2020\/01\/Masena-Children-1-e1599573844432.jpg","type":"image\/jpeg"}],"author":"Avantcem","twitter_card":"summary_large_image","twitter_misc":{"Written by":"Avantcem"},"schema":{"@context":"https:\/\/schema.org","@graph":[{"@type":"Article","@id":"https:\/\/restaurantemasena.es\/en\/masena-restaurant-javea-where-children-eat-well-too\/#article","isPartOf":{"@id":"https:\/\/restaurantemasena.es\/en\/masena-restaurant-javea-where-children-eat-well-too\/"},"author":{"name":"Avantcem","@id":"https:\/\/restaurantemasena.es\/#\/schema\/person\/4b2f05da558c64feb52f794303c72b6e"},"headline":"Masena Restaurant, Javea: Where children eat well too!","datePublished":"2020-01-15T09:45:40+00:00","dateModified":"2022-09-01T07:24:08+00:00","mainEntityOfPage":{"@id":"https:\/\/restaurantemasena.es\/en\/masena-restaurant-javea-where-children-eat-well-too\/"},"wordCount":8,"publisher":{"@id":"https:\/\/restaurantemasena.es\/#organization"},"image":{"@id":"https:\/\/restaurantemasena.es\/en\/masena-restaurant-javea-where-children-eat-well-too\/#primaryimage"},"thumbnailUrl":"https:\/\/restaurantemasena.es\/wp-content\/uploads\/2020\/01\/Masena-Children-1-e1599573844432.jpg","articleSection":["Masena guests"],"inLanguage":"en-US"},{"@type":"WebPage","@id":"https:\/\/restaurantemasena.es\/en\/masena-restaurant-javea-where-children-eat-well-too\/","url":"https:\/\/restaurantemasena.es\/en\/masena-restaurant-javea-where-children-eat-well-too\/","name":"Masena Restaurant, Javea: Where children eat well too! - Restaurante Masena J\u00e1vea","isPartOf":{"@id":"https:\/\/restaurantemasena.es\/#website"},"primaryImageOfPage":{"@id":"https:\/\/restaurantemasena.es\/en\/masena-restaurant-javea-where-children-eat-well-too\/#primaryimage"},"image":{"@id":"https:\/\/restaurantemasena.es\/en\/masena-restaurant-javea-where-children-eat-well-too\/#primaryimage"},"thumbnailUrl":"https:\/\/restaurantemasena.es\/wp-content\/uploads\/2020\/01\/Masena-Children-1-e1599573844432.jpg","datePublished":"2020-01-15T09:45:40+00:00","dateModified":"2022-09-01T07:24:08+00:00","breadcrumb":{"@id":"https:\/\/restaurantemasena.es\/en\/masena-restaurant-javea-where-children-eat-well-too\/#breadcrumb"},"inLanguage":"en-US","potentialAction":[{"@type":"ReadAction","target":["https:\/\/restaurantemasena.es\/en\/masena-restaurant-javea-where-children-eat-well-too\/"]}]},{"@type":"ImageObject","inLanguage":"en-US","@id":"https:\/\/restaurantemasena.es\/en\/masena-restaurant-javea-where-children-eat-well-too\/#primaryimage","url":"https:\/\/restaurantemasena.es\/wp-content\/uploads\/2020\/01\/Masena-Children-1-e1599573844432.jpg","contentUrl":"https:\/\/restaurantemasena.es\/wp-content\/uploads\/2020\/01\/Masena-Children-1-e1599573844432.jpg","width":1200,"height":630},{"@type":"BreadcrumbList","@id":"https:\/\/restaurantemasena.es\/en\/masena-restaurant-javea-where-children-eat-well-too\/#breadcrumb","itemListElement":[{"@type":"ListItem","position":1,"name":"Portada","item":"https:\/\/restaurantemasena.es\/en\/home\/"},{"@type":"ListItem","position":2,"name":"Masena Restaurant, Javea: Where children eat well too!"}]},{"@type":"WebSite","@id":"https:\/\/restaurantemasena.es\/#website","url":"https:\/\/restaurantemasena.es\/","name":"Restaurante Masena J\u00e1vea","description":"Fusi\u00f3n cocina francesa y mediterr\u00e1nea","publisher":{"@id":"https:\/\/restaurantemasena.es\/#organization"},"potentialAction":[{"@type":"SearchAction","target":{"@type":"EntryPoint","urlTemplate":"https:\/\/restaurantemasena.es\/?s={search_term_string}"},"query-input":{"@type":"PropertyValueSpecification","valueRequired":true,"valueName":"search_term_string"}}],"inLanguage":"en-US"},{"@type":"Organization","@id":"https:\/\/restaurantemasena.es\/#organization","name":"Restaurante Masena J\u00e1vea","url":"https:\/\/restaurantemasena.es\/","logo":{"@type":"ImageObject","inLanguage":"en-US","@id":"https:\/\/restaurantemasena.es\/#\/schema\/logo\/image\/","url":"https:\/\/restaurantemasena.es\/wp-content\/uploads\/2022\/08\/logo_fondo.png","contentUrl":"https:\/\/restaurantemasena.es\/wp-content\/uploads\/2022\/08\/logo_fondo.png","width":319,"height":98,"caption":"Restaurante Masena J\u00e1vea"},"image":{"@id":"https:\/\/restaurantemasena.es\/#\/schema\/logo\/image\/"}},{"@type":"Person","@id":"https:\/\/restaurantemasena.es\/#\/schema\/person\/4b2f05da558c64feb52f794303c72b6e","name":"Avantcem","image":{"@type":"ImageObject","inLanguage":"en-US","@id":"https:\/\/secure.gravatar.com\/avatar\/aefe30c4eee6c2549ebda93c48c397f82aff088b976ad1c3b2b6f866af700a37?s=96&d=mm&r=g","url":"https:\/\/secure.gravatar.com\/avatar\/aefe30c4eee6c2549ebda93c48c397f82aff088b976ad1c3b2b6f866af700a37?s=96&d=mm&r=g","contentUrl":"https:\/\/secure.gravatar.com\/avatar\/aefe30c4eee6c2549ebda93c48c397f82aff088b976ad1c3b2b6f866af700a37?s=96&d=mm&r=g","caption":"Avantcem"},"sameAs":["https:\/\/restaurantemasena.es"],"url":"https:\/\/restaurantemasena.es\/en\/author\/avantcem\/"}]}},"_links":{"self":[{"href":"https:\/\/restaurantemasena.es\/en\/wp-json\/wp\/v2\/posts\/1331","targetHints":{"allow":["GET"]}}],"collection":[{"href":"https:\/\/restaurantemasena.es\/en\/wp-json\/wp\/v2\/posts"}],"about":[{"href":"https:\/\/restaurantemasena.es\/en\/wp-json\/wp\/v2\/types\/post"}],"author":[{"embeddable":true,"href":"https:\/\/restaurantemasena.es\/en\/wp-json\/wp\/v2\/users\/1"}],"replies":[{"embeddable":true,"href":"https:\/\/restaurantemasena.es\/en\/wp-json\/wp\/v2\/comments?post=1331"}],"version-history":[{"count":4,"href":"https:\/\/restaurantemasena.es\/en\/wp-json\/wp\/v2\/posts\/1331\/revisions"}],"predecessor-version":[{"id":1335,"href":"https:\/\/restaurantemasena.es\/en\/wp-json\/wp\/v2\/posts\/1331\/revisions\/1335"}],"wp:featuredmedia":[{"embeddable":true,"href":"https:\/\/restaurantemasena.es\/en\/wp-json\/wp\/v2\/media\/1294"}],"wp:attachment":[{"href":"https:\/\/restaurantemasena.es\/en\/wp-json\/wp\/v2\/media?parent=1331"}],"wp:term":[{"taxonomy":"category","embeddable":true,"href":"https:\/\/restaurantemasena.es\/en\/wp-json\/wp\/v2\/categories?post=1331"},{"taxonomy":"post_tag","embeddable":true,"href":"https:\/\/restaurantemasena.es\/en\/wp-json\/wp\/v2\/tags?post=1331"}],"curies":[{"name":"wp","href":"https:\/\/api.w.org\/{rel}","templated":true}]}}